{"id":3258,"date":"2021-09-15T12:30:40","date_gmt":"2021-09-15T11:30:40","guid":{"rendered":"http:\/\/www.lluisfongrau.com\/?p=3258"},"modified":"2024-06-12T21:29:02","modified_gmt":"2024-06-12T20:29:02","slug":"gravats-de-fongrau-al-montbriart-21","status":"publish","type":"post","link":"https:\/\/www.lluisfongrau.com\/?p=3258","title":{"rendered":"Gravats de Fongrau al Montbriart 21"},"content":{"rendered":"<p style=\"text-align: justify;\">Aquest any s\u2019ha celebrat la 9a edici\u00f3 de Montbriart, mostra d\u2019arts visuals de Montbri\u00f3 del Camp. La mostra combina i experimenta amb nous formats i espais expositius on els artistes poden exposar les seves propostes.<\/p>\n<p style=\"text-align: justify;\">Fongrau hi ha participat exposant per primera vegada els seus gravats, t\u00e8cnica for\u00e7a desconeguda pel p\u00fablic i per la que mostren curiositat per con\u00e8ixer el proc\u00e9s de producci\u00f3.<\/p>\n<p><a href=\"http:\/\/www.lluisfongrau.com\/wp-content\/uploads\/gravat-monbrio.jpg\"><img decoding=\"async\" loading=\"lazy\" class=\" wp-image-3259 aligncenter colorbox-3258\" src=\"http:\/\/www.lluisfongrau.com\/wp-content\/uploads\/gravat-monbrio.jpg\" alt=\"gravat monbrio\" width=\"327\" height=\"315\" srcset=\"https:\/\/www.lluisfongrau.com\/wp-content\/uploads\/gravat-monbrio.jpg 459w, https:\/\/www.lluisfongrau.com\/wp-content\/uploads\/gravat-monbrio-125x120.jpg 125w, https:\/\/www.lluisfongrau.com\/wp-content\/uploads\/gravat-monbrio-40x40.jpg 40w\" sizes=\"(max-width: 327px) 100vw, 327px\" \/><\/a><\/p>\n","protected":false},"excerpt":{"rendered":"<p>Aquest any s\u2019ha celebrat la 9a edici\u00f3 de Montbriart, mostra d\u2019arts visuals de Montbri\u00f3 del [&hellip;]<\/p>\n","protected":false},"author":1,"featured_media":0,"comment_status":"closed","ping_status":"closed","sticky":false,"template":"","format":"standard","meta":[],"categories":[1],"tags":[],"_links":{"self":[{"href":"https:\/\/www.lluisfongrau.com\/index.php?rest_route=\/wp\/v2\/posts\/3258"}],"collection":[{"href":"https:\/\/www.lluisfongrau.com\/index.php?rest_route=\/wp\/v2\/posts"}],"about":[{"href":"https:\/\/www.lluisfongrau.com\/index.php?rest_route=\/wp\/v2\/types\/post"}],"author":[{"embeddable":true,"href":"https:\/\/www.lluisfongrau.com\/index.php?rest_route=\/wp\/v2\/users\/1"}],"replies":[{"embeddable":true,"href":"https:\/\/www.lluisfongrau.com\/index.php?rest_route=%2Fwp%2Fv2%2Fcomments&post=3258"}],"version-history":[{"count":2,"href":"https:\/\/www.lluisfongrau.com\/index.php?rest_route=\/wp\/v2\/posts\/3258\/revisions"}],"predecessor-version":[{"id":3323,"href":"https:\/\/www.lluisfongrau.com\/index.php?rest_route=\/wp\/v2\/posts\/3258\/revisions\/3323"}],"wp:attachment":[{"href":"https:\/\/www.lluisfongrau.com\/index.php?rest_route=%2Fwp%2Fv2%2Fmedia&parent=3258"}],"wp:term":[{"taxonomy":"category","embeddable":true,"href":"https:\/\/www.lluisfongrau.com\/index.php?rest_route=%2Fwp%2Fv2%2Fcategories&post=3258"},{"taxonomy":"post_tag","embeddable":true,"href":"https:\/\/www.lluisfongrau.com\/index.php?rest_route=%2Fwp%2Fv2%2Ftags&post=3258"}],"curies":[{"name":"wp","href":"https:\/\/api.w.org\/{rel}","templated":true}]}}